{"id":1549,"date":"2023-12-18T15:10:57","date_gmt":"2023-12-18T15:10:57","guid":{"rendered":"https:\/\/csabrasil.org\/csa\/?p=1549"},"modified":"2023-12-20T14:59:41","modified_gmt":"2023-12-20T14:59:41","slug":"impressoes-do-curso-economia-de-suporte-comunitario","status":"publish","type":"post","link":"https:\/\/csabrasil.org\/csa\/impressoes-do-curso-economia-de-suporte-comunitario\/","title":{"rendered":"Impress\u00f5es do curso: Economia de Suporte Comunit\u00e1rio"},"content":{"rendered":"<p>Para al\u00e9m da busca por conhecimento e extrapolando todas as minhas expectativas, o curso ECONOMIA DE SUPORTE COMUNIT\u00c1RIO traz Luz ao caminhar.<\/p>\n<p>Sua proposta pedag\u00f3gica \u00e9 um despertar coletivo e tamb\u00e9m individual frente aos assuntos mais diversos e relevantes que comp\u00f5e nossa vida como seres humanos, usando para esse fim uma metodologia marcante a come\u00e7ar pelo brilhante corpo docente capacitado a conduzir cada encontro de forma instigante com conte\u00fado profundo, embasado e sobretudo transparente em seus temas.<\/p>\n<p>Provocando em cada encontro reflex\u00f5es acerca das din\u00e2micas, padr\u00f5es e escolhas tanto \u00edntimas como em ambiente corporativo, at\u00e9 cen\u00e1rios mais abrangentes do homem an\u00edmico e suas diversas tend\u00eancias f\u00edsicas, materiais, mentais e espirituais.<\/p>\n<p>O curso integra pessoas de localidades geogr\u00e1ficas distintas e assim enriquece cada um dos participantes com uma oferta de possibilidades para aprender diferentes maneiras de contribui\u00e7\u00e3o positiva a um mundo mais justo e inclusivo, atrav\u00e9s do aporte das ricas experi\u00eancias de um grupo ecl\u00e9tico, atuante em ativismos e em assuntos inerentes ao desenvolvimento do ser humano, atravessando barreiras f\u00edsicas e temporais pelo uso de ferramenta digital.<\/p>\n<p>J\u00e1 no primeiro encontro um impacto existencial: relembrar a hist\u00f3ria do Brasil sob o olhar daqueles que est\u00e3o na lida, na labuta, nas camadas mais produtoras de trabalho, descortinando a realidade explorat\u00f3ria de nossos recursos naturais e tamb\u00e9m das rela\u00e7\u00f5es humanas opressoras e desclassificat\u00f3rias, um tanto impregnada em nosso pa\u00eds, foi extremamente desafiador!<\/p>\n<p>Esse despertar nos chamou para tomada de atitudes, sejam elas, no ambiente corporativo, familiar, nas mais diversas formas de intera\u00e7\u00e3o e integra\u00e7\u00e3o levando em conta o divisor de \u00e1guas que inunda o mundo e permite acesso \u201cilimitado\u201d de informa\u00e7\u00f5es, atrav\u00e9s das plataformas digitais.<\/p>\n<p>Passamos para o segundo encontro ainda mais marcante que desvela o pesar de estat\u00edsticas, n\u00fameros e afins em um mergulho profundo no bin\u00f4mio (trabalho x recursos humanos), que claramente demonstrou a urg\u00eancia vital a rever essa rela\u00e7\u00e3o, o custo das exig\u00eancias cada vez mais intang\u00edveis, inalcan\u00e7\u00e1veis de metas de mercado e capital.<\/p>\n<p>Partimos para uma profunda provoca\u00e7\u00e3o, um realinhamento de dois pontos fundamentais para aqueles que buscam harmonizar-se com o todo, com sua ess\u00eancia e com firmeza e seguran\u00e7a reprogramar a rota a partir das quest\u00f5es sobre a utiliza\u00e7\u00e3o de nosso tempo, o que \u00e9 perene, fecundo e frutificante nessa passagem do homem pela terra.<\/p>\n<p>T\u00e3o importantes quanto as primeiras atividades, tivemos contato com premissas organizacionais que permitiu aos participantes aprendizagem em foco, a lembran\u00e7a do qu\u00e3o importante \u00e9 o encontro de pessoas para abordagem de assunto de toda natureza, se bem intencionada e organizada pode trazer ideias e solu\u00e7\u00f5es brilhantes a todos.<\/p>\n<p>Coletivamente sou co agricultora de uma CSA e percebi a valida\u00e7\u00e3o desse curso como ponte para outros desafios pessoais e coletivos em busca de \u201c curativos\u201d para nosso planeta, nossa m\u00e3e terra, nosso \u00edntimo que est\u00e1 entrela\u00e7ado a tudo e a todos.<\/p>\n<p>O curso nos coloca numa perspectiva de a\u00e7\u00e3o ilimitada, nos apresenta o mundo hist\u00f3rico, como foi, como est\u00e1 e como pode ficar permitindo assim o despertar de nossas potencialidades no trato com a vida da terra e de todos os seres que nela habitam.<\/p>\n<p>Temporalmente o curso terminou mas as sementes plantadas com tanto primor e respeito, reverberar\u00e3o em meu ser com profundo sentimento de gratid\u00e3o pela oportunidade da participa\u00e7\u00e3o, pelo acolhimento e respeito sendo esses pontos altos de todos os encontros.<\/p>\n<p>Agradecida,<br \/>\n<em><strong>Shirley Nardelli Francisco<\/strong><\/em><\/p>\n","protected":false},"excerpt":{"rendered":"<p>Curso inspirador: desperta reflex\u00f5es, integra\u00e7\u00e3o global e a\u00e7\u00e3o para um mundo mais justo e sustent\u00e1vel.<\/p>\n","protected":false},"author":2,"featured_media":1551,"comment_status":"open","ping_status":"open","sticky":false,"template":"","format":"standard","meta":{"footnotes":""},"categories":[35,65,39],"tags":[],"class_list":["post-1549","post","type-post","status-publish","format-standard","has-post-thumbnail","hentry","category-cursos","category-biblioteca","category-vivencias"],"_links":{"self":[{"href":"https:\/\/csabrasil.org\/csa\/wp-json\/wp\/v2\/posts\/1549","targetHints":{"allow":["GET"]}}],"collection":[{"href":"https:\/\/csabrasil.org\/csa\/wp-json\/wp\/v2\/posts"}],"about":[{"href":"https:\/\/csabrasil.org\/csa\/wp-json\/wp\/v2\/types\/post"}],"author":[{"embeddable":true,"href":"https:\/\/csabrasil.org\/csa\/wp-json\/wp\/v2\/users\/2"}],"replies":[{"embeddable":true,"href":"https:\/\/csabrasil.org\/csa\/wp-json\/wp\/v2\/comments?post=1549"}],"version-history":[{"count":2,"href":"https:\/\/csabrasil.org\/csa\/wp-json\/wp\/v2\/posts\/1549\/revisions"}],"predecessor-version":[{"id":1553,"href":"https:\/\/csabrasil.org\/csa\/wp-json\/wp\/v2\/posts\/1549\/revisions\/1553"}],"wp:featuredmedia":[{"embeddable":true,"href":"https:\/\/csabrasil.org\/csa\/wp-json\/wp\/v2\/media\/1551"}],"wp:attachment":[{"href":"https:\/\/csabrasil.org\/csa\/wp-json\/wp\/v2\/media?parent=1549"}],"wp:term":[{"taxonomy":"category","embeddable":true,"href":"https:\/\/csabrasil.org\/csa\/wp-json\/wp\/v2\/categories?post=1549"},{"taxonomy":"post_tag","embeddable":true,"href":"https:\/\/csabrasil.org\/csa\/wp-json\/wp\/v2\/tags?post=1549"}],"curies":[{"name":"wp","href":"https:\/\/api.w.org\/{rel}","templated":true}]}}